{"id":1771,"date":"2023-12-10T10:09:55","date_gmt":"2023-12-10T09:09:55","guid":{"rendered":"https:\/\/www.wallo.green\/blogshop\/?p=1771"},"modified":"2024-08-21T17:14:03","modified_gmt":"2024-08-21T15:14:03","slug":"descriptifs-des-fruitiers-en-racines-nues-de-cet-hiver","status":"publish","type":"post","link":"https:\/\/www.wallo.green\/blogshop\/2023\/12\/10\/descriptifs-des-fruitiers-en-racines-nues-de-cet-hiver\/","title":{"rendered":"Descriptifs des fruitiers en racines nues de cet hiver"},"content":{"rendered":"<p>En collaboration avec notre bonne amie Marie de la <a href=\"https:\/\/lahunelle.be\/\">P\u00e9pini\u00e8re de la Hunelle<\/a> \u00e0 <a href=\"https:\/\/maps.app.goo.gl\/RwDY9nisjsbLSAvZ6\">Tongre-Saint-Martin<\/a>, sp\u00e9cialiste wallonne de la greffe fruiti\u00e8re, nous vous proposons cette saison une production locale de tr\u00e8s rares arbres, la plupart quasi introuvables ailleurs !<\/p>\n<p>A la date de r\u00e9daction de cet article, il nous reste les d\u00e9licieuses vari\u00e9t\u00e9s suivantes. <strong>Stocks<\/strong> souvent actualis\u00e9s et <strong>prix<\/strong> : <a href=\"http:\/\/www.wallo.green\/x\/22\">wallo.green\/x\/22<\/a><br \/>\n<span style=\"color: #999999; font-size: 10pt;\"><em>(sur un grand \u00e9cran de PC de bureau ou \u00e9cran GSM en horizontal\u2026)<\/em><\/span><\/p>\n<figure id=\"attachment_1775\" aria-describedby=\"caption-attachment-1775\" style=\"width: 300px\" class=\"wp-caption alignright\"><a href=\"https:\/\/www.wallo.green\/blogshop\/wp-content\/uploads\/2023\/12\/Cydolus-rudenkoana-2.jpg\"><img loading=\"lazy\" decoding=\"async\" class=\"wp-image-1775 size-medium\" src=\"https:\/\/www.wallo.green\/blogshop\/wp-content\/uploads\/2023\/12\/Cydolus-rudenkoana-2-300x401.jpg\" alt=\"\" width=\"300\" height=\"401\" srcset=\"https:\/\/www.wallo.green\/blogshop\/wp-content\/uploads\/2023\/12\/Cydolus-rudenkoana-2-300x401.jpg 300w, https:\/\/www.wallo.green\/blogshop\/wp-content\/uploads\/2023\/12\/Cydolus-rudenkoana-2-1024x1369.jpg 1024w, https:\/\/www.wallo.green\/blogshop\/wp-content\/uploads\/2023\/12\/Cydolus-rudenkoana-2-112x150.jpg 112w, https:\/\/www.wallo.green\/blogshop\/wp-content\/uploads\/2023\/12\/Cydolus-rudenkoana-2-768x1027.jpg 768w, https:\/\/www.wallo.green\/blogshop\/wp-content\/uploads\/2023\/12\/Cydolus-rudenkoana-2-1149x1536.jpg 1149w, https:\/\/www.wallo.green\/blogshop\/wp-content\/uploads\/2023\/12\/Cydolus-rudenkoana-2-640x856.jpg 640w, https:\/\/www.wallo.green\/blogshop\/wp-content\/uploads\/2023\/12\/Cydolus-rudenkoana-2-1200x1604.jpg 1200w, https:\/\/www.wallo.green\/blogshop\/wp-content\/uploads\/2023\/12\/Cydolus-rudenkoana-2.jpg 1496w\" sizes=\"auto, (max-width: 300px) 100vw, 300px\" \/><\/a><figcaption id=\"caption-attachment-1775\" class=\"wp-caption-text\">Photo Tiny Mandragore<\/figcaption><\/figure>\n<h3><strong>x Cydolus rudenko<\/strong><\/h3>\n<p>Incroyable croisement interg\u00e9n\u00e9rique entre un cognassier (Cydonia) et un pommier (Malus) !<\/p>\n<p>Nous avons trouv\u00e9 cette merveille botanique il y a quelques ann\u00e9es chez <a href=\"https:\/\/bluewood.yo.fr\/\">Tiny Mandragore<\/a> \u00e0 <a href=\"https:\/\/maps.app.goo.gl\/mLTZRgRbKWHGKFKSA\">Marck<\/a> dans le Pas-de-Calais, voici ce qu&#8217;en r\u00e9sume Julien qui l&#8217;y multiplie :<!--more--><\/p>\n<figure id=\"attachment_1774\" aria-describedby=\"caption-attachment-1774\" style=\"width: 300px\" class=\"wp-caption alignleft\"><a href=\"https:\/\/www.wallo.green\/blogshop\/wp-content\/uploads\/2023\/12\/Cydolus-rudenkoana-1.jpg\"><img loading=\"lazy\" decoding=\"async\" class=\"wp-image-1774 size-medium\" src=\"https:\/\/www.wallo.green\/blogshop\/wp-content\/uploads\/2023\/12\/Cydolus-rudenkoana-1-300x401.jpg\" alt=\"\" width=\"300\" height=\"401\" srcset=\"https:\/\/www.wallo.green\/blogshop\/wp-content\/uploads\/2023\/12\/Cydolus-rudenkoana-1-300x401.jpg 300w, https:\/\/www.wallo.green\/blogshop\/wp-content\/uploads\/2023\/12\/Cydolus-rudenkoana-1-1024x1369.jpg 1024w, https:\/\/www.wallo.green\/blogshop\/wp-content\/uploads\/2023\/12\/Cydolus-rudenkoana-1-112x150.jpg 112w, https:\/\/www.wallo.green\/blogshop\/wp-content\/uploads\/2023\/12\/Cydolus-rudenkoana-1-768x1027.jpg 768w, https:\/\/www.wallo.green\/blogshop\/wp-content\/uploads\/2023\/12\/Cydolus-rudenkoana-1-1149x1536.jpg 1149w, https:\/\/www.wallo.green\/blogshop\/wp-content\/uploads\/2023\/12\/Cydolus-rudenkoana-1-640x856.jpg 640w, https:\/\/www.wallo.green\/blogshop\/wp-content\/uploads\/2023\/12\/Cydolus-rudenkoana-1-1200x1604.jpg 1200w, https:\/\/www.wallo.green\/blogshop\/wp-content\/uploads\/2023\/12\/Cydolus-rudenkoana-1.jpg 1496w\" sizes=\"auto, (max-width: 300px) 100vw, 300px\" \/><\/a><figcaption id=\"caption-attachment-1774\" class=\"wp-caption-text\">Photo Tiny Mandragore<\/figcaption><\/figure>\n<p>Vari\u00e9t\u00e9 originaire d&#8217;Ukraine. Elle a gard\u00e9 les jolies fleurs du cognassier et le parfum puissant. Le feuillage ressemble \u00e0 celui du pommier, ainsi que les fruits : ils sont assez sucr\u00e9s, et tout \u00e0 fait mangeables crus quand ils sont bien m\u00fbrs. Jaune-vert, certains sont lisses, d&#8217;autres sont recouverts d\u2019un \u00e9pais duvet ! C&#8217;est aussi une merveille \u00e0 cuisiner, avec un ar\u00f4me d\u2019ananas qui fait l\u2019unanimit\u00e9. Arbre compact et tr\u00e8s florif\u00e8re. R\u00e9sistant aux maladies, pas besoin de le tailler. Si le fruit r\u00e9colt\u00e9 est encore trop dur, le couper en fines tranches pour le d\u00e9guster, ou le stocker jusque fin d\u00e9cembre, il sera plus tendre.<\/p>\n<figure id=\"attachment_1776\" aria-describedby=\"caption-attachment-1776\" style=\"width: 300px\" class=\"wp-caption aligncenter\"><a href=\"https:\/\/www.wallo.green\/blogshop\/wp-content\/uploads\/2023\/12\/Cydolus-rudenkoana-3.jpg\"><img loading=\"lazy\" decoding=\"async\" class=\"size-medium wp-image-1776\" src=\"https:\/\/www.wallo.green\/blogshop\/wp-content\/uploads\/2023\/12\/Cydolus-rudenkoana-3-300x401.jpg\" alt=\"\" width=\"300\" height=\"401\" srcset=\"https:\/\/www.wallo.green\/blogshop\/wp-content\/uploads\/2023\/12\/Cydolus-rudenkoana-3-300x401.jpg 300w, https:\/\/www.wallo.green\/blogshop\/wp-content\/uploads\/2023\/12\/Cydolus-rudenkoana-3-1024x1369.jpg 1024w, https:\/\/www.wallo.green\/blogshop\/wp-content\/uploads\/2023\/12\/Cydolus-rudenkoana-3-112x150.jpg 112w, https:\/\/www.wallo.green\/blogshop\/wp-content\/uploads\/2023\/12\/Cydolus-rudenkoana-3-768x1027.jpg 768w, https:\/\/www.wallo.green\/blogshop\/wp-content\/uploads\/2023\/12\/Cydolus-rudenkoana-3-1149x1536.jpg 1149w, https:\/\/www.wallo.green\/blogshop\/wp-content\/uploads\/2023\/12\/Cydolus-rudenkoana-3-640x856.jpg 640w, https:\/\/www.wallo.green\/blogshop\/wp-content\/uploads\/2023\/12\/Cydolus-rudenkoana-3-1200x1604.jpg 1200w, https:\/\/www.wallo.green\/blogshop\/wp-content\/uploads\/2023\/12\/Cydolus-rudenkoana-3.jpg 1496w\" sizes=\"auto, (max-width: 300px) 100vw, 300px\" \/><\/a><figcaption id=\"caption-attachment-1776\" class=\"wp-caption-text\">Photo Tiny Mandragore<\/figcaption><\/figure>\n<h3><\/h3>\n<h3><strong><a href=\"https:\/\/www.wallo.green\/blogshop\/wp-content\/uploads\/2023\/12\/Hudson-Golden-Gem-10.jpg\"><img loading=\"lazy\" decoding=\"async\" class=\"alignright size-medium wp-image-1785\" src=\"https:\/\/www.wallo.green\/blogshop\/wp-content\/uploads\/2023\/12\/Hudson-Golden-Gem-10-300x200.jpg\" alt=\"\" width=\"300\" height=\"200\" srcset=\"https:\/\/www.wallo.green\/blogshop\/wp-content\/uploads\/2023\/12\/Hudson-Golden-Gem-10-300x200.jpg 300w, https:\/\/www.wallo.green\/blogshop\/wp-content\/uploads\/2023\/12\/Hudson-Golden-Gem-10-1024x682.jpg 1024w, https:\/\/www.wallo.green\/blogshop\/wp-content\/uploads\/2023\/12\/Hudson-Golden-Gem-10-150x100.jpg 150w, https:\/\/www.wallo.green\/blogshop\/wp-content\/uploads\/2023\/12\/Hudson-Golden-Gem-10-768x512.jpg 768w, https:\/\/www.wallo.green\/blogshop\/wp-content\/uploads\/2023\/12\/Hudson-Golden-Gem-10-640x427.jpg 640w, https:\/\/www.wallo.green\/blogshop\/wp-content\/uploads\/2023\/12\/Hudson-Golden-Gem-10-1200x800.jpg 1200w, https:\/\/www.wallo.green\/blogshop\/wp-content\/uploads\/2023\/12\/Hudson-Golden-Gem-10.jpg 1280w\" sizes=\"auto, (max-width: 300px) 100vw, 300px\" \/><\/a>Pommier Hudson&#8217;s Golden Gem<\/strong><\/h3>\n<p>Dans un registre de fruits plus &#8220;classiques&#8221;, cette vari\u00e9t\u00e9 de pomme est assur\u00e9ment la star WalloGreen de cet hiver, le coup de coeur du patron ! Cette perle nous vient aussi de la p\u00e9pini\u00e8re <a href=\"https:\/\/bluewood.yo.fr\/\">Tiny Mandragore<\/a> il y a 2-3 ans.<\/p>\n<p><a href=\"https:\/\/www.wallo.green\/blogshop\/wp-content\/uploads\/2023\/12\/Hudson-Golden-Gem-1.jpg\"><img loading=\"lazy\" decoding=\"async\" class=\"alignleft size-medium wp-image-1782\" src=\"https:\/\/www.wallo.green\/blogshop\/wp-content\/uploads\/2023\/12\/Hudson-Golden-Gem-1-300x300.jpg\" alt=\"\" width=\"300\" height=\"300\" srcset=\"https:\/\/www.wallo.green\/blogshop\/wp-content\/uploads\/2023\/12\/Hudson-Golden-Gem-1-300x300.jpg 300w, https:\/\/www.wallo.green\/blogshop\/wp-content\/uploads\/2023\/12\/Hudson-Golden-Gem-1-150x150.jpg 150w, https:\/\/www.wallo.green\/blogshop\/wp-content\/uploads\/2023\/12\/Hudson-Golden-Gem-1.jpg 500w\" sizes=\"auto, (max-width: 300px) 100vw, 300px\" \/><\/a>Semis spontan\u00e9 trouv\u00e9 en Oregon en 1931. Peut-\u00eatre la plus grosse des pommes de type &#8220;rousses&#8221; de haute qualit\u00e9 (&#8220;pomme \u00e0 couteau&#8221; : fruit de bouche, de dessert !), elle est tr\u00e8s jolie, sa peau est dor\u00e9e \u00e0&#8230; rousse. Sa chair est croquante, croustillante, juteuse, tr\u00e8s sucr\u00e9e, avec selon la maturit\u00e9, des ar\u00f4mes de noisette, vanille&#8230; En fonction de quand vous la d\u00e9gusterez, il pourra y avoir de fortes notes de poire (saveurs rappelant la Bosc), d&#8217;ailleurs lors de sa d\u00e9couverte et diffusion, certains pensaient que c&#8217;\u00e9tait une poire atypique ou un croisement pomme-poire, \u00e0 cause de sa texture et go\u00fbt tr\u00e8s surprenants pour une pomme ! Hudson&#8217;s Golden Gem est aussi excellente pour les jus et cidres, ainsi que cuite de toutes les fa\u00e7ons.<\/p>\n<figure id=\"attachment_1784\" aria-describedby=\"caption-attachment-1784\" style=\"width: 300px\" class=\"wp-caption alignright\"><a href=\"https:\/\/www.wallo.green\/blogshop\/wp-content\/uploads\/2023\/12\/Hudson-Golden-Gem-4.jpg\"><img loading=\"lazy\" decoding=\"async\" class=\"wp-image-1784 size-medium\" src=\"https:\/\/www.wallo.green\/blogshop\/wp-content\/uploads\/2023\/12\/Hudson-Golden-Gem-4-300x348.jpg\" alt=\"\" width=\"300\" height=\"348\" srcset=\"https:\/\/www.wallo.green\/blogshop\/wp-content\/uploads\/2023\/12\/Hudson-Golden-Gem-4-300x348.jpg 300w, https:\/\/www.wallo.green\/blogshop\/wp-content\/uploads\/2023\/12\/Hudson-Golden-Gem-4-129x150.jpg 129w, https:\/\/www.wallo.green\/blogshop\/wp-content\/uploads\/2023\/12\/Hudson-Golden-Gem-4.jpg 543w\" sizes=\"auto, (max-width: 300px) 100vw, 300px\" \/><\/a><figcaption id=\"caption-attachment-1784\" class=\"wp-caption-text\">Photo : adamapples.blogspot.com<\/figcaption><\/figure>\n<p>Elle est productive chaque ann\u00e9e et bien r\u00e9sistante aux maladies habituelles. Elle peut rester longtemps sur l&#8217;arbre apr\u00e8s les premi\u00e8res gel\u00e9es, on peut continuer \u00e0 la pr\u00e9lever et consommer durant l&#8217;hiver. Sinon, on la r\u00e9colte enti\u00e8rement aux alentours de la mi-octobre et en int\u00e9rieur au frais, elle se conserve de longs mois aussi.<\/p>\n<p><a href=\"https:\/\/www.wallo.green\/blogshop\/wp-content\/uploads\/2023\/12\/Hudson-Golden-Gem-3.jpg\"><img loading=\"lazy\" decoding=\"async\" class=\"size-full wp-image-1783 alignleft\" src=\"https:\/\/www.wallo.green\/blogshop\/wp-content\/uploads\/2023\/12\/Hudson-Golden-Gem-3.jpg\" alt=\"\" width=\"300\" height=\"300\" srcset=\"https:\/\/www.wallo.green\/blogshop\/wp-content\/uploads\/2023\/12\/Hudson-Golden-Gem-3.jpg 300w, https:\/\/www.wallo.green\/blogshop\/wp-content\/uploads\/2023\/12\/Hudson-Golden-Gem-3-150x150.jpg 150w\" sizes=\"auto, (max-width: 300px) 100vw, 300px\" \/><\/a>C&#8217;est toujours une des pommes pr\u00e9f\u00e9r\u00e9es des p\u00e9pini\u00e9ristes qui la multiplient, et \u00e0 chaque fois une des top favorites dans les concours de d\u00e9gustation publics.<\/p>\n<p>Nous avons de tr\u00e8s beaux plants d&#8217;environ 2 m ou plus, d\u00e9j\u00e0 un peu ramifi\u00e9s. Cette fantastique vari\u00e9t\u00e9 fructifiera assez vite et est partiellement autofertile : vous aurez plus de fruits avec d&#8217;autres pommiers proches. Une championne m\u00e9connue, \u00e0 acheter les yeux ferm\u00e9s, ne ratez pas cette occasion !<\/p>\n<p><a href=\"https:\/\/www.facebook.com\/WalloGreen\/posts\/pfbid027SDjcQxgcK6stduxfpfB6sXh3efGCtGvNZKFoD4N34Qx2K4K9bqDmqqsqe9zX8Tvl\">Actualit\u00e9 Facebook Hudson&#8217;s Golden Gem<\/a><\/p>\n<p>&nbsp;<\/p>\n<h3><\/h3>\n<h3><strong><a href=\"https:\/\/www.wallo.green\/blogshop\/wp-content\/uploads\/2023\/12\/vistabella01082018.jpg\"><img loading=\"lazy\" decoding=\"async\" class=\"alignright size-medium wp-image-1792\" src=\"https:\/\/www.wallo.green\/blogshop\/wp-content\/uploads\/2023\/12\/vistabella01082018-300x332.jpg\" alt=\"\" width=\"300\" height=\"332\" srcset=\"https:\/\/www.wallo.green\/blogshop\/wp-content\/uploads\/2023\/12\/vistabella01082018-300x332.jpg 300w, https:\/\/www.wallo.green\/blogshop\/wp-content\/uploads\/2023\/12\/vistabella01082018-135x150.jpg 135w, https:\/\/www.wallo.green\/blogshop\/wp-content\/uploads\/2023\/12\/vistabella01082018-768x850.jpg 768w, https:\/\/www.wallo.green\/blogshop\/wp-content\/uploads\/2023\/12\/vistabella01082018-640x709.jpg 640w, https:\/\/www.wallo.green\/blogshop\/wp-content\/uploads\/2023\/12\/vistabella01082018.jpg 839w\" sizes=\"auto, (max-width: 300px) 100vw, 300px\" \/><\/a>Pommier Vista Bella<\/strong><\/h3>\n<p>Vari\u00e9t\u00e9 tr\u00e8s int\u00e9ressante par sa pr\u00e9cocit\u00e9 (d\u00e9but ao\u00fbt !) et bien s\u00fbr ses autres qualit\u00e9s : super bon go\u00fbt, bien parfum\u00e9e, assez sucr\u00e9e, acidit\u00e9 tr\u00e8s agr\u00e9able, croquante et fort juteuse. Se <a href=\"https:\/\/www.wallo.green\/blogshop\/wp-content\/uploads\/2023\/12\/Vista-Bella.jpg\"><img loading=\"lazy\" decoding=\"async\" class=\"alignleft size-medium wp-image-1791\" src=\"https:\/\/www.wallo.green\/blogshop\/wp-content\/uploads\/2023\/12\/Vista-Bella-300x225.jpg\" alt=\"\" width=\"300\" height=\"225\" srcset=\"https:\/\/www.wallo.green\/blogshop\/wp-content\/uploads\/2023\/12\/Vista-Bella-300x225.jpg 300w, https:\/\/www.wallo.green\/blogshop\/wp-content\/uploads\/2023\/12\/Vista-Bella-150x113.jpg 150w, https:\/\/www.wallo.green\/blogshop\/wp-content\/uploads\/2023\/12\/Vista-Bella-768x576.jpg 768w, https:\/\/www.wallo.green\/blogshop\/wp-content\/uploads\/2023\/12\/Vista-Bella-640x480.jpg 640w, https:\/\/www.wallo.green\/blogshop\/wp-content\/uploads\/2023\/12\/Vista-Bella.jpg 1024w\" sizes=\"auto, (max-width: 300px) 100vw, 300px\" \/><\/a>cuisine bien aussi, et est parfaite pour faire du jus, avec son bon \u00e9quilibre acides-sucres. Elle est originaire du New Jersey (1956), mais a \u00e9t\u00e9 diffus\u00e9e et beaucoup cultiv\u00e9e dans la ville de Bella Vista au Guatemala, d&#8217;o\u00f9 elle nous est revenue des d\u00e9cennies plus tard&#8230; Mais elle reste une des meilleures pommes d&#8217;\u00e9t\u00e9 pour notre pays ! Si trop de charge, pensez \u00e0 \u00e9claircir les tout jeunes fruits si trop nombreux (un sur deux, mais c&#8217;est facultatif ! ).<\/p>\n<p>&nbsp;<\/p>\n<h3><strong><a href=\"https:\/\/www.wallo.green\/blogshop\/wp-content\/uploads\/2023\/12\/Shipova-5.jpg\"><img loading=\"lazy\" decoding=\"async\" class=\"alignright size-medium wp-image-1803\" src=\"https:\/\/www.wallo.green\/blogshop\/wp-content\/uploads\/2023\/12\/Shipova-5-300x345.jpg\" alt=\"\" width=\"300\" height=\"345\" srcset=\"https:\/\/www.wallo.green\/blogshop\/wp-content\/uploads\/2023\/12\/Shipova-5-300x345.jpg 300w, https:\/\/www.wallo.green\/blogshop\/wp-content\/uploads\/2023\/12\/Shipova-5-131x150.jpg 131w, https:\/\/www.wallo.green\/blogshop\/wp-content\/uploads\/2023\/12\/Shipova-5.jpg 557w\" sizes=\"auto, (max-width: 300px) 100vw, 300px\" \/><\/a>x Sorbopyrus Shipova<\/strong><\/h3>\n<p>Un autre croisement interg\u00e9n\u00e9rique peu courant entre un sorbier (Sorbus) et un poirier (Pyrus). Tr\u00e8s vieille vari\u00e9t\u00e9 europ\u00e9enne (r\u00e9gion Yougoslavie), bel arbre sans souci de 4-7 m selon votre terroir et le porte-greffe, \u00e0 joli feuillage, et tr\u00e8s belles fleurs blanches \u00e0 \u00e9tamines roses, inhabituellement <a href=\"https:\/\/www.wallo.green\/blogshop\/wp-content\/uploads\/2023\/12\/Shipova-6.jpg\"><img loading=\"lazy\" decoding=\"async\" class=\"alignleft size-medium wp-image-1804\" src=\"https:\/\/www.wallo.green\/blogshop\/wp-content\/uploads\/2023\/12\/Shipova-6-300x372.jpg\" alt=\"\" width=\"300\" height=\"372\" srcset=\"https:\/\/www.wallo.green\/blogshop\/wp-content\/uploads\/2023\/12\/Shipova-6-300x372.jpg 300w, https:\/\/www.wallo.green\/blogshop\/wp-content\/uploads\/2023\/12\/Shipova-6-121x150.jpg 121w, https:\/\/www.wallo.green\/blogshop\/wp-content\/uploads\/2023\/12\/Shipova-6.jpg 413w\" sizes=\"auto, (max-width: 300px) 100vw, 300px\" \/><\/a>grandes. Taille pas vraiment n\u00e9cessaire, r\u00e9sistant aux maladies. Suffisamment autofertile mais vous aurez un peu plus de fruits avec des poiriers proches.<\/p>\n<p>Le fruit m\u00fbr de taille moyenne est orang\u00e9 \u00e0 maturit\u00e9, souvent sans p\u00e9pins. La chair est sucr\u00e9e, fondante, juteuse et bien parfum\u00e9e, un go\u00fbt surprenant tr\u00e8s agr\u00e9able&#8230; proche de certaines poires mais avec des notes exotiques tropicales telles la goyave, l&#8217;ananas, la mangue&#8230; et le massepain selon certains, quand le fruit est fort m\u00fbr !<\/p>\n<p>&nbsp;<\/p>\n<h3><strong><a href=\"https:\/\/www.wallo.green\/blogshop\/wp-content\/uploads\/2023\/12\/New-World-2.jpg\"><img loading=\"lazy\" decoding=\"async\" class=\"alignright size-medium wp-image-1810\" src=\"https:\/\/www.wallo.green\/blogshop\/wp-content\/uploads\/2023\/12\/New-World-2-300x225.jpg\" alt=\"\" width=\"300\" height=\"225\" srcset=\"https:\/\/www.wallo.green\/blogshop\/wp-content\/uploads\/2023\/12\/New-World-2-300x225.jpg 300w, https:\/\/www.wallo.green\/blogshop\/wp-content\/uploads\/2023\/12\/New-World-2-150x113.jpg 150w, https:\/\/www.wallo.green\/blogshop\/wp-content\/uploads\/2023\/12\/New-World-2.jpg 333w\" sizes=\"auto, (max-width: 300px) 100vw, 300px\" \/><\/a>Poirier New World<\/strong><\/h3>\n<p>Encore un magnifique fruit intersp\u00e9cifique, issu d&#8217;un croisement de la poire europ\u00e9enne Bon-Chr\u00e9tien Williams (syn. Bartlett) et du poirier nashi cor\u00e9en Korean Giant.<\/p>\n<figure id=\"attachment_1811\" aria-describedby=\"caption-attachment-1811\" style=\"width: 300px\" class=\"wp-caption alignleft\"><a href=\"https:\/\/www.wallo.green\/blogshop\/wp-content\/uploads\/2023\/12\/New-World-3-scaled.jpg\"><img loading=\"lazy\" decoding=\"async\" class=\"size-medium wp-image-1811\" src=\"https:\/\/www.wallo.green\/blogshop\/wp-content\/uploads\/2023\/12\/New-World-3-300x400.jpg\" alt=\"\" width=\"300\" height=\"400\" srcset=\"https:\/\/www.wallo.green\/blogshop\/wp-content\/uploads\/2023\/12\/New-World-3-300x400.jpg 300w, https:\/\/www.wallo.green\/blogshop\/wp-content\/uploads\/2023\/12\/New-World-3-1024x1365.jpg 1024w, https:\/\/www.wallo.green\/blogshop\/wp-content\/uploads\/2023\/12\/New-World-3-113x150.jpg 113w, https:\/\/www.wallo.green\/blogshop\/wp-content\/uploads\/2023\/12\/New-World-3-768x1024.jpg 768w, https:\/\/www.wallo.green\/blogshop\/wp-content\/uploads\/2023\/12\/New-World-3-1152x1536.jpg 1152w, https:\/\/www.wallo.green\/blogshop\/wp-content\/uploads\/2023\/12\/New-World-3-1536x2048.jpg 1536w, https:\/\/www.wallo.green\/blogshop\/wp-content\/uploads\/2023\/12\/New-World-3-640x853.jpg 640w, https:\/\/www.wallo.green\/blogshop\/wp-content\/uploads\/2023\/12\/New-World-3-1200x1600.jpg 1200w, https:\/\/www.wallo.green\/blogshop\/wp-content\/uploads\/2023\/12\/New-World-3-1980x2640.jpg 1980w, https:\/\/www.wallo.green\/blogshop\/wp-content\/uploads\/2023\/12\/New-World-3-scaled.jpg 1920w\" sizes=\"auto, (max-width: 300px) 100vw, 300px\" \/><\/a><figcaption id=\"caption-attachment-1811\" class=\"wp-caption-text\">Fort m\u00fbre ! :-)<\/figcaption><\/figure>\n<p>Tr\u00e8s gros et r\u00e9guli\u00e8rement sup\u00e9rieur \u00e0 300 grammes, arrondi-ovale, \u00e0 belle peau fauve\/cuivr\u00e9e&#8230; Chair croquante, \u00e0 texture fine, tr\u00e8s sucr\u00e9e, de fort bon go\u00fbt bien moins fade que nombreux nashis, avec une petite saveur de caramel ! Son ascendance europ\u00e9enne lui procure une conservation exceptionnelle pour un type nashi. Autofertile, youpi !<\/p>\n<p>Nos greffons viennent en direct d&#8217;un grand verger r\u00e9put\u00e9 aux USA, qui collabore avec l&#8217;universit\u00e9 d&#8217;agronomie d\u2019\u00c9tat du Kentucky (qui nous fournit aussi directement <a href=\"https:\/\/www.wallo.green\/blogshop\/2023\/04\/08\/de-belles-greffes-en-vitesse\/\">notre bois de greffe d&#8217;asiminiers modernes<\/a>). Beaux jeunes plants d&#8217;environ 2 m.<\/p>\n<p>&nbsp;<\/p>\n<h3><strong><a href=\"https:\/\/www.wallo.green\/blogshop\/wp-content\/uploads\/2023\/12\/Tennosui-1.jpg\"><img loading=\"lazy\" decoding=\"async\" class=\"alignright size-medium wp-image-1815\" src=\"https:\/\/www.wallo.green\/blogshop\/wp-content\/uploads\/2023\/12\/Tennosui-1-300x400.jpg\" alt=\"\" width=\"300\" height=\"400\" srcset=\"https:\/\/www.wallo.green\/blogshop\/wp-content\/uploads\/2023\/12\/Tennosui-1-300x400.jpg 300w, https:\/\/www.wallo.green\/blogshop\/wp-content\/uploads\/2023\/12\/Tennosui-1-1024x1365.jpg 1024w, https:\/\/www.wallo.green\/blogshop\/wp-content\/uploads\/2023\/12\/Tennosui-1-113x150.jpg 113w, https:\/\/www.wallo.green\/blogshop\/wp-content\/uploads\/2023\/12\/Tennosui-1-768x1024.jpg 768w, https:\/\/www.wallo.green\/blogshop\/wp-content\/uploads\/2023\/12\/Tennosui-1-1152x1536.jpg 1152w, https:\/\/www.wallo.green\/blogshop\/wp-content\/uploads\/2023\/12\/Tennosui-1-640x853.jpg 640w, https:\/\/www.wallo.green\/blogshop\/wp-content\/uploads\/2023\/12\/Tennosui-1-1200x1600.jpg 1200w, https:\/\/www.wallo.green\/blogshop\/wp-content\/uploads\/2023\/12\/Tennosui-1.jpg 1536w\" sizes=\"auto, (max-width: 300px) 100vw, 300px\" \/><\/a>Poirier Tennosui<\/strong><\/h3>\n<p>Croisement intersp\u00e9cifique spontan\u00e9, <a href=\"https:\/\/www.panzarellacitrus.com\/2-trees\/14-tennosuipear\">suppos\u00e9<\/a> entre la poire am\u00e9ricaine Tenn (ou Tennessee) de type europ\u00e9en et le nashi asiatique Hosui.<\/p>\n<p>Gros fruit rond comme un nashi mais \u00e0 texture et go\u00fbt beaucoup plus proches des poires europ\u00e9ennes, donc plus intense. Chair blanche qui ne brunit pas \u00e0 la coupe, assez croquante et juteuse, sucr\u00e9e, excellente crue.<\/p>\n<p><a href=\"https:\/\/www.wallo.green\/blogshop\/wp-content\/uploads\/2023\/12\/Tennosui-3.jpg\"><img loading=\"lazy\" decoding=\"async\" class=\"alignleft size-medium wp-image-1816\" src=\"https:\/\/www.wallo.green\/blogshop\/wp-content\/uploads\/2023\/12\/Tennosui-3-300x400.jpg\" alt=\"\" width=\"300\" height=\"400\" srcset=\"https:\/\/www.wallo.green\/blogshop\/wp-content\/uploads\/2023\/12\/Tennosui-3-300x400.jpg 300w, https:\/\/www.wallo.green\/blogshop\/wp-content\/uploads\/2023\/12\/Tennosui-3-1024x1365.jpg 1024w, https:\/\/www.wallo.green\/blogshop\/wp-content\/uploads\/2023\/12\/Tennosui-3-113x150.jpg 113w, https:\/\/www.wallo.green\/blogshop\/wp-content\/uploads\/2023\/12\/Tennosui-3-768x1024.jpg 768w, https:\/\/www.wallo.green\/blogshop\/wp-content\/uploads\/2023\/12\/Tennosui-3-1152x1536.jpg 1152w, https:\/\/www.wallo.green\/blogshop\/wp-content\/uploads\/2023\/12\/Tennosui-3-640x853.jpg 640w, https:\/\/www.wallo.green\/blogshop\/wp-content\/uploads\/2023\/12\/Tennosui-3-1200x1600.jpg 1200w, https:\/\/www.wallo.green\/blogshop\/wp-content\/uploads\/2023\/12\/Tennosui-3.jpg 1536w\" sizes=\"auto, (max-width: 300px) 100vw, 300px\" \/><\/a>Buisson au minimum partiellement autofertile, tr\u00e8s productif (n&#8217;h\u00e9sitez pas \u00e0 supprimer de jeunes fruits), maturit\u00e9 h\u00e2tive fin ao\u00fbt d\u00e9but septembre.<\/p>\n<p>La chair qui ne s&#8217;oxyde pas et reste bien blanche \u00e0 l&#8217;air, sugg\u00e8re une teneur tr\u00e8s \u00e9lev\u00e9es en antioxydants, et est donc bien adapt\u00e9e aux salades de fruits et autres pr\u00e9parations crues, pour un bel aspect stable.<\/p>\n<p>Nos greffons viennent en direct d&#8217;un grand verger r\u00e9put\u00e9 aux USA, qui collabore avec l&#8217;universit\u00e9 d&#8217;agronomie d\u2019\u00c9tat du Kentucky (qui nous fournit aussi directement <a href=\"https:\/\/www.wallo.green\/blogshop\/2023\/04\/08\/de-belles-greffes-en-vitesse\/\">notre bois de greffe d&#8217;asiminiers modernes<\/a>). Beaux jeunes plants d&#8217;environ 2 m.<\/p>\n<p><a href=\"https:\/\/www.facebook.com\/WalloGreen\/posts\/pfbid02wvvn3q5WHaNSwFYPFaXApYUwRaH8QRXEvNZjcRsCWspNj2SaCDQ3ohqZzy48rxenl\">Actualit\u00e9 Facebook poire Tennosui<\/a><\/p>\n<p>&nbsp;<\/p>\n<h3><strong><a href=\"https:\/\/www.wallo.green\/blogshop\/wp-content\/uploads\/2023\/12\/Early-Shu-1.jpg\"><img loading=\"lazy\" decoding=\"async\" class=\"alignright size-medium wp-image-1824\" src=\"https:\/\/www.wallo.green\/blogshop\/wp-content\/uploads\/2023\/12\/Early-Shu-1-300x225.jpg\" alt=\"\" width=\"300\" height=\"225\" srcset=\"https:\/\/www.wallo.green\/blogshop\/wp-content\/uploads\/2023\/12\/Early-Shu-1-300x225.jpg 300w, https:\/\/www.wallo.green\/blogshop\/wp-content\/uploads\/2023\/12\/Early-Shu-1-150x113.jpg 150w, https:\/\/www.wallo.green\/blogshop\/wp-content\/uploads\/2023\/12\/Early-Shu-1-768x576.jpg 768w, https:\/\/www.wallo.green\/blogshop\/wp-content\/uploads\/2023\/12\/Early-Shu-1-640x480.jpg 640w, https:\/\/www.wallo.green\/blogshop\/wp-content\/uploads\/2023\/12\/Early-Shu-1.jpg 1024w\" sizes=\"auto, (max-width: 300px) 100vw, 300px\" \/><\/a>Poirier Early Shu<\/strong><\/h3>\n<p>Une \u00e9tonnante poire intersp\u00e9cifique dont les parents \u00e9taient un nashi chinois et un poirier Pyrus ussuriensis.<\/p>\n<p>Forme originale, gros fruit de 250-300\/+ g, \u00e0 belle peau verte, \u00e0 consommer \u00e0 ce stade elle est tr\u00e8s savoureuse, un peu croquante, tr\u00e8s sucr\u00e9e, fort juteuse, tr\u00e8s rafra\u00eechissante ! Un des premiers types nashis en juillet-ao\u00fbt.<\/p>\n<p><a href=\"https:\/\/www.wallo.green\/blogshop\/wp-content\/uploads\/2023\/12\/Early-Shu_2-transformed.jpg\"><img loading=\"lazy\" decoding=\"async\" class=\"alignleft size-medium wp-image-1825\" src=\"https:\/\/www.wallo.green\/blogshop\/wp-content\/uploads\/2023\/12\/Early-Shu_2-transformed-300x352.jpg\" alt=\"\" width=\"300\" height=\"352\" srcset=\"https:\/\/www.wallo.green\/blogshop\/wp-content\/uploads\/2023\/12\/Early-Shu_2-transformed-300x352.jpg 300w, https:\/\/www.wallo.green\/blogshop\/wp-content\/uploads\/2023\/12\/Early-Shu_2-transformed-128x150.jpg 128w, https:\/\/www.wallo.green\/blogshop\/wp-content\/uploads\/2023\/12\/Early-Shu_2-transformed.jpg 389w\" sizes=\"auto, (max-width: 300px) 100vw, 300px\" \/><\/a>Il est couramment utilis\u00e9 dans la cuisine cantonaise et ta\u00efwanaise, dans les salades, mais bien s\u00fbr aussi comme excellente poire de table.<\/p>\n<p>Petit arbuste de 3-4 m. Autofertile, belle floraison comme tous les nashis. Tr\u00e8s productif, il faut parfois \u00e9claircir les jeunes fruits. Les feuilles sont brillantes et le bord du limbe est tr\u00e8s int\u00e9ressant.<\/p>\n<p>&nbsp;<\/p>\n<h3><strong><a href=\"https:\/\/www.wallo.green\/blogshop\/wp-content\/uploads\/2023\/12\/Reddy-Robin-1.jpg\"><img loading=\"lazy\" decoding=\"async\" class=\"alignright size-medium wp-image-1827\" src=\"https:\/\/www.wallo.green\/blogshop\/wp-content\/uploads\/2023\/12\/Reddy-Robin-1-300x200.jpg\" alt=\"\" width=\"300\" height=\"200\" srcset=\"https:\/\/www.wallo.green\/blogshop\/wp-content\/uploads\/2023\/12\/Reddy-Robin-1-300x200.jpg 300w, https:\/\/www.wallo.green\/blogshop\/wp-content\/uploads\/2023\/12\/Reddy-Robin-1-1024x683.jpg 1024w, https:\/\/www.wallo.green\/blogshop\/wp-content\/uploads\/2023\/12\/Reddy-Robin-1-150x100.jpg 150w, https:\/\/www.wallo.green\/blogshop\/wp-content\/uploads\/2023\/12\/Reddy-Robin-1-768x512.jpg 768w, https:\/\/www.wallo.green\/blogshop\/wp-content\/uploads\/2023\/12\/Reddy-Robin-1-640x427.jpg 640w, https:\/\/www.wallo.green\/blogshop\/wp-content\/uploads\/2023\/12\/Reddy-Robin-1.jpg 1200w\" sizes=\"auto, (max-width: 300px) 100vw, 300px\" \/><\/a>Nashi Reddy Robbin<\/strong><\/h3>\n<p>Croisement n\u00e9oz\u00e9landais r\u00e9cent entre une poire nashi chinoise et un nashi japonais. Rare couleur rousse \u00e0 orange ! Aussi connue sous l&#8217;appellation Papple chez les anglo-saxons, et renomm\u00e9e Rouge-Gorge par certains coll\u00e8gues.<\/p>\n<p><a href=\"https:\/\/www.wallo.green\/blogshop\/wp-content\/uploads\/2023\/12\/reddy-robin-2.jpg\"><img loading=\"lazy\" decoding=\"async\" class=\"alignleft size-medium wp-image-1829\" src=\"https:\/\/www.wallo.green\/blogshop\/wp-content\/uploads\/2023\/12\/reddy-robin-2-300x300.jpg\" alt=\"\" width=\"300\" height=\"300\" srcset=\"https:\/\/www.wallo.green\/blogshop\/wp-content\/uploads\/2023\/12\/reddy-robin-2-300x300.jpg 300w, https:\/\/www.wallo.green\/blogshop\/wp-content\/uploads\/2023\/12\/reddy-robin-2-150x150.jpg 150w, https:\/\/www.wallo.green\/blogshop\/wp-content\/uploads\/2023\/12\/reddy-robin-2-768x768.jpg 768w, https:\/\/www.wallo.green\/blogshop\/wp-content\/uploads\/2023\/12\/reddy-robin-2-640x640.jpg 640w, https:\/\/www.wallo.green\/blogshop\/wp-content\/uploads\/2023\/12\/reddy-robin-2.jpg 835w\" sizes=\"auto, (max-width: 300px) 100vw, 300px\" \/><\/a>Fruit de tr\u00e8s bon go\u00fbt, largement sup\u00e9rieur aux deux parents. Chair ferme, croustillante, juteuse, pas acide, sucr\u00e9e, tr\u00e8s rafra\u00eechissante. Apr\u00e8s quelques bouch\u00e9es les saveurs florales complexes se d\u00e9voilent, un d\u00e9lice ! Tr\u00e8s bonne conservation pour une poire asiatique 100 % nashi.<\/p>\n<p><a href=\"https:\/\/www.wallo.green\/blogshop\/wp-content\/uploads\/2023\/12\/reddy-robins-tree-1.jpg\"><img loading=\"lazy\" decoding=\"async\" class=\"alignright size-medium wp-image-1828\" src=\"https:\/\/www.wallo.green\/blogshop\/wp-content\/uploads\/2023\/12\/reddy-robins-tree-1-300x375.jpg\" alt=\"\" width=\"300\" height=\"375\" srcset=\"https:\/\/www.wallo.green\/blogshop\/wp-content\/uploads\/2023\/12\/reddy-robins-tree-1-300x375.jpg 300w, https:\/\/www.wallo.green\/blogshop\/wp-content\/uploads\/2023\/12\/reddy-robins-tree-1-120x150.jpg 120w, https:\/\/www.wallo.green\/blogshop\/wp-content\/uploads\/2023\/12\/reddy-robins-tree-1-768x960.jpg 768w, https:\/\/www.wallo.green\/blogshop\/wp-content\/uploads\/2023\/12\/reddy-robins-tree-1-640x800.jpg 640w, https:\/\/www.wallo.green\/blogshop\/wp-content\/uploads\/2023\/12\/reddy-robins-tree-1.jpg 819w\" sizes=\"auto, (max-width: 300px) 100vw, 300px\" \/><\/a>Petit arbre de 3-4 m \u00e0 10 ans, grandes fleurs blanches comme la plupart des nashis. Il est un peu autofertile mais gagnera beaucoup \u00e0 voisiner d&#8217;autres vari\u00e9t\u00e9s \u00e0 pollen fertile, ou des poiriers europ\u00e9ens. Tr\u00e8s productif, il faut parfois \u00e9claircir les jeunes fruits. Beau feuillage automnal jaune orange !<\/p>\n<p>Nos greffons viennent en direct d&#8217;un grand verger r\u00e9put\u00e9 aux USA, qui collabore avec l&#8217;universit\u00e9 d&#8217;agronomie d\u2019\u00c9tat du Kentucky (qui nous fournit aussi directement <a href=\"https:\/\/www.wallo.green\/blogshop\/2023\/04\/08\/de-belles-greffes-en-vitesse\/\">notre bois de greffe d&#8217;asiminiers modernes<\/a>). Beaux jeunes plants d&#8217;environ 2 m.<\/p>\n<p>&nbsp;<\/p>\n<figure id=\"attachment_1831\" aria-describedby=\"caption-attachment-1831\" style=\"width: 300px\" class=\"wp-caption alignright\"><a href=\"https:\/\/www.wallo.green\/blogshop\/wp-content\/uploads\/2023\/12\/Pyrocydonia-Monstruosa.jpg\"><img loading=\"lazy\" decoding=\"async\" class=\"size-medium wp-image-1831\" src=\"https:\/\/www.wallo.green\/blogshop\/wp-content\/uploads\/2023\/12\/Pyrocydonia-Monstruosa-300x401.jpg\" alt=\"\" width=\"300\" height=\"401\" srcset=\"https:\/\/www.wallo.green\/blogshop\/wp-content\/uploads\/2023\/12\/Pyrocydonia-Monstruosa-300x401.jpg 300w, https:\/\/www.wallo.green\/blogshop\/wp-content\/uploads\/2023\/12\/Pyrocydonia-Monstruosa-112x150.jpg 112w, https:\/\/www.wallo.green\/blogshop\/wp-content\/uploads\/2023\/12\/Pyrocydonia-Monstruosa-640x856.jpg 640w, https:\/\/www.wallo.green\/blogshop\/wp-content\/uploads\/2023\/12\/Pyrocydonia-Monstruosa.jpg 748w\" sizes=\"auto, (max-width: 300px) 100vw, 300px\" \/><\/a><figcaption id=\"caption-attachment-1831\" class=\"wp-caption-text\">Photo Tiny Mandragore<\/figcaption><\/figure>\n<h3><strong>x Pyronia Monstruosa<\/strong><\/h3>\n<p>Une autre merveille collect\u00e9e par Julien de la p\u00e9pini\u00e8re <a href=\"https:\/\/bluewood.yo.fr\/\">Tiny Mandragore<\/a> \u00e0 <a href=\"https:\/\/maps.app.goo.gl\/mLTZRgRbKWHGKFKSA\">Marck<\/a> dans le Pas-de-Calais, qui l&#8217;a partag\u00e9e avec nous il y a quelques ann\u00e9es. C&#8217;est un hyper rare hybride interg\u00e9n\u00e9rique poirier (Pyrus) x cognassier (Cydonia), voici <a href=\"https:\/\/bluewood.yo.fr\/produit\/pyrocydonia-monstruosa-hybride-n-12-hybride-poire-coing\/\">ce qu&#8217;il en pense<\/a> :<\/p>\n<p>Croisement entre la poire moldave Noyabrskaya et un coing inconnu, obtenu \u00e0 Cacak en Serbie en 1987. L\u2019arbre est d\u2019aspect proche du poirier, avec des rameaux et de jeunes feuilles recouvertes d\u2019un fin duvet.<\/p>\n<p>Les fruits sont tr\u00e8s gros (300 g en moyenne), difformes, bossel\u00e9s. L\u2019int\u00e9rieur est tr\u00e8s juteux et parfum\u00e9, assez sucr\u00e9. A la cueillette le fruit est dur et tr\u00e8s l\u00e9g\u00e8rement astringent, il \u00e9volue rapidement pour devenir go\u00fbteux et mou. Il s\u2019agit d\u2019un excellent fruit de table ! Conservation jusqu\u2019en janvier.<\/p>\n<p>Possible qu&#8217;il s&#8217;agisse en r\u00e9alit\u00e9 plus probablement d\u2019un recroisement [cognassier x poirier] x poirier.<\/p>\n<p>&nbsp;<\/p>\n<figure id=\"attachment_1835\" aria-describedby=\"caption-attachment-1835\" style=\"width: 300px\" class=\"wp-caption alignright\"><a href=\"https:\/\/www.wallo.green\/blogshop\/wp-content\/uploads\/2023\/12\/Sanderii-3.jpg\"><img loading=\"lazy\" decoding=\"async\" class=\"wp-image-1835 size-medium\" src=\"https:\/\/www.wallo.green\/blogshop\/wp-content\/uploads\/2023\/12\/Sanderii-3-300x300.jpg\" alt=\"\" width=\"300\" height=\"300\" srcset=\"https:\/\/www.wallo.green\/blogshop\/wp-content\/uploads\/2023\/12\/Sanderii-3-300x300.jpg 300w, https:\/\/www.wallo.green\/blogshop\/wp-content\/uploads\/2023\/12\/Sanderii-3-150x150.jpg 150w, https:\/\/www.wallo.green\/blogshop\/wp-content\/uploads\/2023\/12\/Sanderii-3.jpg 500w\" sizes=\"auto, (max-width: 300px) 100vw, 300px\" \/><\/a><figcaption id=\"caption-attachment-1835\" class=\"wp-caption-text\">Photo Tiny Mandragore<\/figcaption><\/figure>\n<h3><strong>Prunus Sanderii<\/strong><\/h3>\n<p>Croisement intersp\u00e9cifique complexe de 1988 : p\u00eache x abricot x prune, super rare, qui nous vient encore de chez <a href=\"https:\/\/bluewood.yo.fr\/\">Tiny Mandragore<\/a> \u00e0 <a href=\"https:\/\/maps.app.goo.gl\/mLTZRgRbKWHGKFKSA\">Marck<\/a>. Le passionn\u00e9 Julien l&#8217;a ramen\u00e9e d&#8217;un voyage au Danemark, quand il a visit\u00e9 la p\u00e9pini\u00e8re de l&#8217;obtenteur S\u00f8ren Sander en 2015. Ci-dessous nous r\u00e9sumons ses observations.<\/p>\n<figure id=\"attachment_1834\" aria-describedby=\"caption-attachment-1834\" style=\"width: 300px\" class=\"wp-caption alignleft\"><a href=\"https:\/\/www.wallo.green\/blogshop\/wp-content\/uploads\/2023\/12\/Sanderii-2.jpg\"><img loading=\"lazy\" decoding=\"async\" class=\"size-medium wp-image-1834\" src=\"https:\/\/www.wallo.green\/blogshop\/wp-content\/uploads\/2023\/12\/Sanderii-2-300x400.jpg\" alt=\"\" width=\"300\" height=\"400\" srcset=\"https:\/\/www.wallo.green\/blogshop\/wp-content\/uploads\/2023\/12\/Sanderii-2-300x400.jpg 300w, https:\/\/www.wallo.green\/blogshop\/wp-content\/uploads\/2023\/12\/Sanderii-2-113x150.jpg 113w, https:\/\/www.wallo.green\/blogshop\/wp-content\/uploads\/2023\/12\/Sanderii-2-640x853.jpg 640w, https:\/\/www.wallo.green\/blogshop\/wp-content\/uploads\/2023\/12\/Sanderii-2.jpg 720w\" sizes=\"auto, (max-width: 300px) 100vw, 300px\" \/><\/a><figcaption id=\"caption-attachment-1834\" class=\"wp-caption-text\">Photo Tiny Mandragore<\/figcaption><\/figure>\n<p>Gros \u00e0 tr\u00e8s gros fruit mou tr\u00e8s parfum\u00e9, \u00e0 petit noyau non adh\u00e9rent. Le go\u00fbt se situe surtout entre la p\u00eache et la prune, mais moins semblable \u00e0 la prune que d&#8217;autres croisements de ce type. Saveur sucr\u00e9e tr\u00e8s agr\u00e9able plus proche de la p\u00eache donc, avec une l\u00e9g\u00e8re touche d&#8217;acidit\u00e9, excellente, avec ar\u00f4mes fruit\u00e9s et tr\u00e8s floraux.<\/p>\n<figure id=\"attachment_1833\" aria-describedby=\"caption-attachment-1833\" style=\"width: 300px\" class=\"wp-caption alignright\"><a href=\"https:\/\/www.wallo.green\/blogshop\/wp-content\/uploads\/2023\/12\/Sanderii-1.jpg\"><img loading=\"lazy\" decoding=\"async\" class=\"size-medium wp-image-1833\" src=\"https:\/\/www.wallo.green\/blogshop\/wp-content\/uploads\/2023\/12\/Sanderii-1-300x351.jpg\" alt=\"\" width=\"300\" height=\"351\" srcset=\"https:\/\/www.wallo.green\/blogshop\/wp-content\/uploads\/2023\/12\/Sanderii-1-300x351.jpg 300w, https:\/\/www.wallo.green\/blogshop\/wp-content\/uploads\/2023\/12\/Sanderii-1-128x150.jpg 128w, https:\/\/www.wallo.green\/blogshop\/wp-content\/uploads\/2023\/12\/Sanderii-1.jpg 573w\" sizes=\"auto, (max-width: 300px) 100vw, 300px\" \/><\/a><figcaption id=\"caption-attachment-1833\" class=\"wp-caption-text\">Photo Tiny Mandragore<\/figcaption><\/figure>\n<p>Arbrisseau tr\u00e8s \u00e9rig\u00e9 adapt\u00e9 aux petites surfaces, il est bien r\u00e9sistant aux maladies, et pas de r\u00e9el besoin de le tailler. Autofertile confirm\u00e9, forte production. Tr\u00e8s longue floraison, relativement tardive pour ce genre de fruitier.<br \/>\nMaturit\u00e9 d\u00e9but ao\u00fbt.<\/p>\n<p>&nbsp;<\/p>\n<h3><strong>Mirabelle Gleisweilerer Alte Rote Mirabelle<\/strong><\/h3>\n<figure id=\"attachment_1837\" aria-describedby=\"caption-attachment-1837\" style=\"width: 300px\" class=\"wp-caption alignleft\"><a href=\"https:\/\/www.wallo.green\/blogshop\/wp-content\/uploads\/2023\/12\/Gleiweilerer-Alte-Rote-Mirabelle.jpg\"><img loading=\"lazy\" decoding=\"async\" class=\"size-medium wp-image-1837\" src=\"https:\/\/www.wallo.green\/blogshop\/wp-content\/uploads\/2023\/12\/Gleiweilerer-Alte-Rote-Mirabelle-300x225.jpg\" alt=\"\" width=\"300\" height=\"225\" srcset=\"https:\/\/www.wallo.green\/blogshop\/wp-content\/uploads\/2023\/12\/Gleiweilerer-Alte-Rote-Mirabelle-300x225.jpg 300w, https:\/\/www.wallo.green\/blogshop\/wp-content\/uploads\/2023\/12\/Gleiweilerer-Alte-Rote-Mirabelle-150x113.jpg 150w, https:\/\/www.wallo.green\/blogshop\/wp-content\/uploads\/2023\/12\/Gleiweilerer-Alte-Rote-Mirabelle-768x576.jpg 768w, https:\/\/www.wallo.green\/blogshop\/wp-content\/uploads\/2023\/12\/Gleiweilerer-Alte-Rote-Mirabelle-640x480.jpg 640w, https:\/\/www.wallo.green\/blogshop\/wp-content\/uploads\/2023\/12\/Gleiweilerer-Alte-Rote-Mirabelle.jpg 1000w\" sizes=\"auto, (max-width: 300px) 100vw, 300px\" \/><\/a><figcaption id=\"caption-attachment-1837\" class=\"wp-caption-text\">Photo Tiny Mandragore<\/figcaption><\/figure>\n<p>Description de la p\u00e9pini\u00e8re <a href=\"https:\/\/bluewood.yo.fr\/\">Tiny Mandragore<\/a> \u00e0 <a href=\"https:\/\/maps.app.goo.gl\/mLTZRgRbKWHGKFKSA\">Marck<\/a> en France :<\/p>\n<p>Vari\u00e9t\u00e9 allemande de 1910 de la r\u00e9gion de Gleisweiler, presqu&#8217;impossible \u00e0 trouver de nos jours. Fruit de taille moyenne, rouge pourpre \u00e0 rouge ros\u00e9, chair jaune dor\u00e9e, peu farineuse. Go\u00fbt similaire \u00e0 la mirabelle de Nancy ! Productivit\u00e9 exceptionnelle, sur un grand arbre vigoureux et r\u00e9sistant. M\u00fbre en ao\u00fbt.<\/p>\n<p>&nbsp;<\/p>\n<h3><strong><a href=\"https:\/\/www.wallo.green\/blogshop\/wp-content\/uploads\/2023\/12\/Griotte-de-la-Toussaint-Prunus-cerasus-1.jpg\"><img loading=\"lazy\" decoding=\"async\" class=\"alignright size-medium wp-image-1841\" src=\"https:\/\/www.wallo.green\/blogshop\/wp-content\/uploads\/2023\/12\/Griotte-de-la-Toussaint-Prunus-cerasus-1-300x300.jpg\" alt=\"\" width=\"300\" height=\"300\" srcset=\"https:\/\/www.wallo.green\/blogshop\/wp-content\/uploads\/2023\/12\/Griotte-de-la-Toussaint-Prunus-cerasus-1-300x300.jpg 300w, https:\/\/www.wallo.green\/blogshop\/wp-content\/uploads\/2023\/12\/Griotte-de-la-Toussaint-Prunus-cerasus-1-150x150.jpg 150w, https:\/\/www.wallo.green\/blogshop\/wp-content\/uploads\/2023\/12\/Griotte-de-la-Toussaint-Prunus-cerasus-1-768x768.jpg 768w, https:\/\/www.wallo.green\/blogshop\/wp-content\/uploads\/2023\/12\/Griotte-de-la-Toussaint-Prunus-cerasus-1-640x640.jpg 640w, https:\/\/www.wallo.green\/blogshop\/wp-content\/uploads\/2023\/12\/Griotte-de-la-Toussaint-Prunus-cerasus-1.jpg 800w\" sizes=\"auto, (max-width: 300px) 100vw, 300px\" \/><\/a>Griotte de la Toussaint<\/strong><\/h3>\n<p>Curiosit\u00e9 botanique&#8230; Prunus cerasus semperflorens, aussi connu sous le nom Cerisier de la Saint-Martin, et en anglais All Saints Cherry.<\/p>\n<p>Un magnifique article sur cette plante, de Fran\u00e7ois Drouet en 2004, est \u00e0 lire <a href=\"http:\/\/www.fruitiers-rares.info\/articles-A117a122\/article121-Griottier-de-la-Toussaint-Prunus-cerasus-semperflorens.html\">ici<\/a>.<\/p>\n<figure id=\"attachment_1842\" aria-describedby=\"caption-attachment-1842\" style=\"width: 300px\" class=\"wp-caption alignleft\"><a href=\"https:\/\/www.wallo.green\/blogshop\/wp-content\/uploads\/2023\/12\/Griotte-de-la-Toussaint-Prunus-cerasus-2.jpg\"><img loading=\"lazy\" decoding=\"async\" class=\"size-medium wp-image-1842\" src=\"https:\/\/www.wallo.green\/blogshop\/wp-content\/uploads\/2023\/12\/Griotte-de-la-Toussaint-Prunus-cerasus-2-300x401.jpg\" alt=\"\" width=\"300\" height=\"401\" srcset=\"https:\/\/www.wallo.green\/blogshop\/wp-content\/uploads\/2023\/12\/Griotte-de-la-Toussaint-Prunus-cerasus-2-300x401.jpg 300w, https:\/\/www.wallo.green\/blogshop\/wp-content\/uploads\/2023\/12\/Griotte-de-la-Toussaint-Prunus-cerasus-2-112x150.jpg 112w, https:\/\/www.wallo.green\/blogshop\/wp-content\/uploads\/2023\/12\/Griotte-de-la-Toussaint-Prunus-cerasus-2-640x856.jpg 640w, https:\/\/www.wallo.green\/blogshop\/wp-content\/uploads\/2023\/12\/Griotte-de-la-Toussaint-Prunus-cerasus-2.jpg 748w\" sizes=\"auto, (max-width: 300px) 100vw, 300px\" \/><\/a><figcaption id=\"caption-attachment-1842\" class=\"wp-caption-text\">Photo Tiny Mandragore<\/figcaption><\/figure>\n<p>Il fleurit et fructifie comme un griottier traditionnel mais les nouvelles pousses vertes en croissance ont la particularit\u00e9 de fleurir directement \u00e0 leurs extr\u00e9mit\u00e9s, ce qui fait que selon la m\u00e9t\u00e9o et les vagues de pousses successives, il est possible d&#8217;avoir des fruits jusqu&#8217;en hiver !<\/p>\n<p>Les fruits sont rouge vif, \u00e0 peau fine et chair molle, juteuse, agr\u00e9ablement parfum\u00e9e et acidul\u00e9e, ce qui en fait un fruit id\u00e9al pour tout usage culinaire et transformation avec ajout de sucre, pour la richesse de go\u00fbt finale (confitures, sirops, liqueurs, p\u00e2tisseries&#8230;). Mais des personnes trouvent le fruit m\u00fbr doux et agr\u00e9able cru en bouche : pour une griotte, elle est d&#8217;acidit\u00e9 mod\u00e9r\u00e9e. Cette vari\u00e9t\u00e9 s&#8217;av\u00e8re tr\u00e8s r\u00e9sistante \u00e0 la terrible mouche de la cerise et est tr\u00e8s peu attaqu\u00e9e par les oiseaux !<\/p>\n<p>C&#8217;est un joli petit arbre de 4 m \u00e0 port plut\u00f4t pleureur et il est tr\u00e8s rare. Tr\u00e8s forts jeunes plants de plus de 2 m.<\/p>\n<p><a href=\"https:\/\/www.facebook.com\/WalloGreen\/posts\/pfbid02BGaGBDoKyD4zWGjDpQHsKVYF4VyRQktBAT45muebYepDTVgrhKcPthg7hZUYg6Aql\">Actualit\u00e9 Facebook griotte de la Toussaint<\/a><\/p>\n<p>&nbsp;<\/p>\n<h3><strong><a href=\"https:\/\/www.wallo.green\/blogshop\/wp-content\/uploads\/2023\/12\/Turnbull-23.jpg\"><img loading=\"lazy\" decoding=\"async\" class=\"alignright size-medium wp-image-1857\" src=\"https:\/\/www.wallo.green\/blogshop\/wp-content\/uploads\/2023\/12\/Turnbull-23-300x300.jpg\" alt=\"\" width=\"300\" height=\"300\" srcset=\"https:\/\/www.wallo.green\/blogshop\/wp-content\/uploads\/2023\/12\/Turnbull-23-300x300.jpg 300w, https:\/\/www.wallo.green\/blogshop\/wp-content\/uploads\/2023\/12\/Turnbull-23-150x150.jpg 150w, https:\/\/www.wallo.green\/blogshop\/wp-content\/uploads\/2023\/12\/Turnbull-23.jpg 640w\" sizes=\"auto, (max-width: 300px) 100vw, 300px\" \/><\/a>Poirier Turnbull Giant<\/strong><\/h3>\n<p>Quasi certitude qu&#8217;intersp\u00e9cifique entre poirier europ\u00e9en et poirier nashi asiatique, semis spontan\u00e9 trouv\u00e9 par chance, voir au bas de cet article.<\/p>\n<p>Nos 23 plants forts de 250 cm racines nues ont \u00e9t\u00e9 vendus en moins de 24 heures suite \u00e0 notre annonce Facebook, donc un beau texte de description ce sera l&#8217;ann\u00e9e prochaine, mais en attendant, nos notes en vrac :<\/p>\n<ul>\n<li>Trouv\u00e9 en Oklahoma d\u00e9but des ann\u00e9es 1960, hyper\u00a0 rare en Europe<\/li>\n<li>Tr\u00e8s gros fruit, 500 g fr\u00e9quents (et r\u00e9guli\u00e8rement plus d\u2019un kilo, avec sp\u00e9cimens \u00e0 1,5 kg)\u2026 parfois utile d\u2019\u00e9claircir de jeunes fruits trop nombreux, mais facultatif&#8230;<\/li>\n<li>Soutenir les branches charg\u00e9es, au besoin !<\/li>\n<li>Tr\u00e8s croquante, juteuse, sucr\u00e9e, saveurs interm\u00e9diaires pomme-poire, tr\u00e8s fruit\u00e9e, go\u00fbt fantastique !<\/li>\n<li>Toute autre poire go\u00fbt\u00e9e apr\u00e8s une Turnbull parait tr\u00e8s fade<\/li>\n<li>Excellente crue mais se cuisine parfaitement bien aussi<\/li>\n<li>Ferme et se rapprochant plus d\u2019une pomme quand peu m\u00fbre, plus tendre et faisant plus penser \u00e0 une poire par la suite<\/li>\n<li>Laisser m\u00fbrir des fruits, et penser \u00e0 en manger \u00e0 diff\u00e9rents \u00e2ges, pour profiter d\u2019un maximum de textures &amp; saveurs vari\u00e9es, changeantes et \u00e9volutives<\/li>\n<li>Comestible et bonne \u00e0 diff\u00e9rents stades, d\u00e8s juillet, jusqu&#8217;\u00e0 octobre<\/li>\n<li>Extra aussi en conserves (meilleure que les autres poires), salades de fruits, cuisin\u00e9e\u2026<\/li>\n<li>Poire souvent sans p\u00e9pins<\/li>\n<li>R\u00e9colte en septembre mais tr\u00e8s agr\u00e9ablement consommable d\u00e8s juillet<\/li>\n<li>Bonne conservation 3 mois au frais<\/li>\n<li>Arbre autofertile confirm\u00e9 et super pollinisateur pour poiriers voisins<\/li>\n<li>Si la floraison g\u00e8le, il refleurit et produira quand-m\u00eame, aucune ann\u00e9e sans fruits depuis sa d\u00e9couverte, malgr\u00e9 gel\u00e9es tardives<\/li>\n<li>Vigueur (tr\u00e8s) forte, arbre \u00e9rig\u00e9 colonnaire, r\u00e9sistant \u00e0 la chaleur et s\u00e9cheresse<\/li>\n<li>R\u00e9sistant aux maladies<\/li>\n<li>Les fruits m\u00fbrs s&#8217;utilisent comme des poires, en crus ou cuisin\u00e9s, les moins m\u00fbrs, comme une pomme d\u00e8s juillet, en bons fruits de bouche ou en transformation \u00e9galement<\/li>\n<\/ul>\n<p><a href=\"https:\/\/www.wallo.green\/blogshop\/wp-content\/uploads\/2023\/12\/Turnbull-25.jpg\"><img loading=\"lazy\" decoding=\"async\" class=\"alignleft size-medium wp-image-1858\" src=\"https:\/\/www.wallo.green\/blogshop\/wp-content\/uploads\/2023\/12\/Turnbull-25-300x300.jpg\" alt=\"\" width=\"300\" height=\"300\" srcset=\"https:\/\/www.wallo.green\/blogshop\/wp-content\/uploads\/2023\/12\/Turnbull-25-300x300.jpg 300w, https:\/\/www.wallo.green\/blogshop\/wp-content\/uploads\/2023\/12\/Turnbull-25-150x150.jpg 150w, https:\/\/www.wallo.green\/blogshop\/wp-content\/uploads\/2023\/12\/Turnbull-25.jpg 640w\" sizes=\"auto, (max-width: 300px) 100vw, 300px\" \/><\/a>Deux articles pr\u00e9cieux :<br \/>\n<a href=\"https:\/\/eu.oklahoman.com\/story\/news\/1981\/11\/28\/depew-couple-receives-patent-for-discovery-of-pear-tree\/60364267007\/\">Depew Couple Receives Patent for Discovery of Pear Tree<\/a> (28 novembre 1981)<\/p>\n<p><a href=\"https:\/\/www.csmonitor.com\/1981\/1016\/101657.html\">Nature, not laboratory, produced this unique pear <\/a>(16 octobre 1981)<\/p>\n<p>Nos greffons viennent en direct d&#8217;un grand verger r\u00e9put\u00e9 aux USA, qui collabore avec l&#8217;universit\u00e9 d&#8217;agronomie d\u2019\u00c9tat du Kentucky (qui nous fournit aussi directement <a href=\"https:\/\/www.wallo.green\/blogshop\/2023\/04\/08\/de-belles-greffes-en-vitesse\/\">notre bois de greffe d&#8217;asiminiers modernes<\/a>).<\/p>\n","protected":false},"excerpt":{"rendered":"<p>En collaboration avec notre bonne amie Marie de la P\u00e9pini\u00e8re de la Hunelle \u00e0 Tongre-Saint-Martin, sp\u00e9cialiste wallonne de la greffe fruiti\u00e8re, nous vous proposons cette saison une production locale de tr\u00e8s rares arbres, la plupart quasi introuvables ailleurs ! A la date de r\u00e9daction de cet article, il nous reste les d\u00e9licieuses vari\u00e9t\u00e9s suivantes. Stocks [&hellip;]<\/p>\n","protected":false},"author":1,"featured_media":0,"comment_status":"open","ping_status":"open","sticky":false,"template":"","format":"standard","meta":{"footnotes":""},"categories":[6],"tags":[],"class_list":["post-1771","post","type-post","status-publish","format-standard","hentry","category-plantes"],"_links":{"self":[{"href":"https:\/\/www.wallo.green\/blogshop\/wp-json\/wp\/v2\/posts\/1771","targetHints":{"allow":["GET"]}}],"collection":[{"href":"https:\/\/www.wallo.green\/blogshop\/wp-json\/wp\/v2\/posts"}],"about":[{"href":"https:\/\/www.wallo.green\/blogshop\/wp-json\/wp\/v2\/types\/post"}],"author":[{"embeddable":true,"href":"https:\/\/www.wallo.green\/blogshop\/wp-json\/wp\/v2\/users\/1"}],"replies":[{"embeddable":true,"href":"https:\/\/www.wallo.green\/blogshop\/wp-json\/wp\/v2\/comments?post=1771"}],"version-history":[{"count":54,"href":"https:\/\/www.wallo.green\/blogshop\/wp-json\/wp\/v2\/posts\/1771\/revisions"}],"predecessor-version":[{"id":2029,"href":"https:\/\/www.wallo.green\/blogshop\/wp-json\/wp\/v2\/posts\/1771\/revisions\/2029"}],"wp:attachment":[{"href":"https:\/\/www.wallo.green\/blogshop\/wp-json\/wp\/v2\/media?parent=1771"}],"wp:term":[{"taxonomy":"category","embeddable":true,"href":"https:\/\/www.wallo.green\/blogshop\/wp-json\/wp\/v2\/categories?post=1771"},{"taxonomy":"post_tag","embeddable":true,"href":"https:\/\/www.wallo.green\/blogshop\/wp-json\/wp\/v2\/tags?post=1771"}],"curies":[{"name":"wp","href":"https:\/\/api.w.org\/{rel}","templated":true}]}}