{"id":1394,"date":"2023-03-09T23:56:10","date_gmt":"2023-03-09T22:56:10","guid":{"rendered":"https:\/\/www.wallo.green\/blogshop\/?p=1394"},"modified":"2024-10-15T23:08:37","modified_gmt":"2024-10-15T21:08:37","slug":"tisane-de-camerisiers-plaisir-et-sante","status":"publish","type":"post","link":"https:\/\/www.wallo.green\/blogshop\/2023\/03\/09\/tisane-de-camerisiers-plaisir-et-sante\/","title":{"rendered":"Tisane de camerisiers : plaisir, et sant\u00e9"},"content":{"rendered":"<p>Nous avons bien \u00e9crit tisane de <a href=\"https:\/\/www.wallo.green\/blogshop\/2023\/03\/09\/camerisiers-bien-les-cultiver\/\">camerisiers<\/a>&#8230; et non de camerises !<\/p>\n<figure id=\"attachment_1408\" aria-describedby=\"caption-attachment-1408\" style=\"width: 300px\" class=\"wp-caption alignleft\"><a href=\"https:\/\/www.wallo.green\/blogshop\/wp-content\/uploads\/2023\/03\/haskap-camerise-fleur-fleurus-facebook-instagram.jpg\"><img loading=\"lazy\" decoding=\"async\" class=\"wp-image-1408 size-medium\" src=\"https:\/\/www.wallo.green\/blogshop\/wp-content\/uploads\/2023\/03\/haskap-camerise-fleur-fleurus-facebook-instagram-300x400.jpg\" alt=\"\" width=\"300\" height=\"400\" srcset=\"https:\/\/www.wallo.green\/blogshop\/wp-content\/uploads\/2023\/03\/haskap-camerise-fleur-fleurus-facebook-instagram-300x400.jpg 300w, https:\/\/www.wallo.green\/blogshop\/wp-content\/uploads\/2023\/03\/haskap-camerise-fleur-fleurus-facebook-instagram-1024x1365.jpg 1024w, https:\/\/www.wallo.green\/blogshop\/wp-content\/uploads\/2023\/03\/haskap-camerise-fleur-fleurus-facebook-instagram-113x150.jpg 113w, https:\/\/www.wallo.green\/blogshop\/wp-content\/uploads\/2023\/03\/haskap-camerise-fleur-fleurus-facebook-instagram-768x1024.jpg 768w, https:\/\/www.wallo.green\/blogshop\/wp-content\/uploads\/2023\/03\/haskap-camerise-fleur-fleurus-facebook-instagram-1152x1536.jpg 1152w, https:\/\/www.wallo.green\/blogshop\/wp-content\/uploads\/2023\/03\/haskap-camerise-fleur-fleurus-facebook-instagram-640x853.jpg 640w, https:\/\/www.wallo.green\/blogshop\/wp-content\/uploads\/2023\/03\/haskap-camerise-fleur-fleurus-facebook-instagram-1200x1600.jpg 1200w, https:\/\/www.wallo.green\/blogshop\/wp-content\/uploads\/2023\/03\/haskap-camerise-fleur-fleurus-facebook-instagram.jpg 1488w\" sizes=\"auto, (max-width: 300px) 100vw, 300px\" \/><\/a><figcaption id=\"caption-attachment-1408\" class=\"wp-caption-text\">Floraison chez WalloGreen \u00e0 Fleurus, mars 2023 (les fleurs et fruits r\u00e9sistent \u00e0 -7 !)<\/figcaption><\/figure>\n<p>En effet, les feuilles du buisson sont tout \u00e0 fait comestibles s\u00e9ch\u00e9es puis en tisane de go\u00fbt agr\u00e9able, et peuvent avoir un effet m\u00e9dicinal non n\u00e9gligeable !<\/p>\n<p>La bibliographie sur les infusions de camerisiers est tr\u00e8s rare m\u00eame en anglais, mais par exemple voici une passionnante <a href=\"https:\/\/www.ncbi.nlm.nih.gov\/pmc\/articles\/PMC9573050\/\">publication<\/a> scientifique polonaise de septembre 2022 (<a href=\"https:\/\/www.wallo.green\/blogshop\/wp-content\/uploads\/2023\/03\/haskap-camerise-camerisiers-teat-the-tisane-feuilles-leaves-nutrients-14-03898-with-cover.pdf\">version PDF<\/a> \u00e0 imprimer). Via deepl.com nous vous proposons une <a href=\"https:\/\/www.wallo.green\/blogshop\/wp-content\/uploads\/2023\/03\/haskap-camerise-camerisiers-teat-the-tisane-feuilles-leaves-nutrients-14-03898-with-cover-fr.pdf\">traduction<\/a>.<\/p>\n<p>En r\u00e9sum\u00e9 \u00e7a confirme que consommer la plante de cette mani\u00e8re est sans risques, et aussi son haut int\u00e9r\u00eat si on l&#8217;utilise de fa\u00e7on plus fr\u00e9quente dans un but m\u00e9dicinal : les mati\u00e8res actives pr\u00e9sentes dans les feuilles (puis la tisane) peuvent contribuer \u00e0 pr\u00e9venir le diab\u00e8te de type 2, ou venir en appoint de son traitement.<\/p>\n<p>Il y a un effet inhibiteur des enzymes responsables de l&#8217;absorption des sucres, et \u00e7a contribue aussi \u00e0 faire baisser le cholest\u00e9rol, qui est souvent un probl\u00e8me additionnel pour les personnes en surpoids. Les autres<!--more--> bienfaits, anti-inflammatoires et -oxydants, combin\u00e9s, peuvent aussi potentiellement r\u00e9duire les complications li\u00e9es au diab\u00e8te. L&#8217;\u00e9volution de la maladie sera att\u00e9nu\u00e9e gr\u00e2ce au blocage des processus pro-inflammatoires sources de d\u00e9veloppement en cascade d&#8217;autres maux.<\/p>\n<p>Le potentiel th\u00e9rapeutique de simples infusions de feuilles de camerisiers fruitiers est donc tr\u00e8s \u00e9lev\u00e9, et vous pouvez d\u00e9j\u00e0 en profiter sans risque chez vous (avec mod\u00e9ration, comme pour tout).<\/p>\n<p>L&#8217;\u00e9tude a compar\u00e9 5 cultivars tr\u00e8s plant\u00e9s en Pologne (dont Zojka et Wojtek que nous vendons), mais a d\u00e9montr\u00e9 que le russe Jugana avait un impact remarquablement plus important, cette vari\u00e9t\u00e9 est aussi dans notre assortiment des meilleures nouveaut\u00e9s. Cependant elles sont toutes suffisamment actives en g\u00e9n\u00e9ral, m\u00eame si parfois un peu moins en comparaison de Jugana.<\/p>\n<p>La publication en anglais souffre sans doute d&#8217;une erreur de traduction du polonais, concernant la saison exacte du pr\u00e9l\u00e8vement des feuilles, nous attendons la r\u00e9ponse des auteurs \u00e0 notre question pour l&#8217;indiquer ici. Mais les rares autres sources discutant de ces tisanes citent une collecte des jeunes feuilles et tiges tendres quand elles portent une moiti\u00e9 de fleurs fan\u00e9es et de mini futurs fruits (et on garde l&#8217;ensemble sans distinction).<\/p>\n<p>Cela pose aussi la question de la comestibilit\u00e9 (et l&#8217;int\u00e9r\u00eat gustatif&#8230;) de ces pousses fra\u00eeches en l\u00e9gumes saut\u00e9s&#8230; restez toutefois prudents lors de vos \u00e9ventuelles tests, m\u00eame si le risque est faible. Des oxalates sont par exemple pr\u00e9sents, mais en bien moindres quantit\u00e9s que dans le th\u00e9 vert ou les \u00e9pinards&#8230;<\/p>\n<p>Il est recommand\u00e9 de faire s\u00e9cher la verdure de camerisiers &#8220;\u00e0 froid&#8221; \u00e0 40 \u00b0C ventil\u00e9s durant 48 heures et ensuite la stocker dans un contenant \u00e9tanche au noir et frais. Six mois de conservation correcte ne provoquent pas de d\u00e9gradation significative. Apr\u00e8s recherches, et exp\u00e9rience personnelle je recommande tr\u00e8s vivement ce <a href=\"https:\/\/stockli.shop\/fr\/product\/doerrex-mit-timer-und-metallgitter\/\">s\u00e9choir tr\u00e8s polyvalent<\/a>, de haute qualit\u00e9, avec option grilles en m\u00e9tal, on peut en empiler 7 suppl\u00e9mentaires en plus des 3 fournies.<\/p>\n<p>Les effets b\u00e9n\u00e9fiques de ces superfruits pour la sant\u00e9 sont beaucoup plus connus que l&#8217;int\u00e9r\u00eat du feuillage. Vous pouvez combiner : ceux qui trouvent la tisane de camerisier un peu trop fade, penseront \u00e0 ajouter des <a href=\"https:\/\/www.wallo.green\/blogshop\/2023\/02\/25\/surplus-de-camerises-congelees\/\">camerises congel\u00e9es<\/a> ou d\u00e9shydrat\u00e9es \u00e0 l&#8217;eau bouillante, et en plus les cons\u00e9quences visuelles seront spectaculaires !<\/p>\n<p><a href=\"https:\/\/www.facebook.com\/WalloGreen\/posts\/pfbid02ikjkhZybvrsXM2wvNRVYSbH3etWXiFrsuhRHk6g5V4UdVft64DHtym3NvVxXzcPWl\">Article Facebook<\/a><\/p>\n","protected":false},"excerpt":{"rendered":"<p>Nous avons bien \u00e9crit tisane de camerisiers&#8230; et non de camerises ! En effet, les feuilles du buisson sont tout \u00e0 fait comestibles s\u00e9ch\u00e9es puis en tisane de go\u00fbt agr\u00e9able, et peuvent avoir un effet m\u00e9dicinal non n\u00e9gligeable ! La bibliographie sur les infusions de camerisiers est tr\u00e8s rare m\u00eame en anglais, mais par exemple [&hellip;]<\/p>\n","protected":false},"author":1,"featured_media":0,"comment_status":"open","ping_status":"open","sticky":false,"template":"","format":"standard","meta":{"footnotes":""},"categories":[6,5],"tags":[],"class_list":["post-1394","post","type-post","status-publish","format-standard","hentry","category-plantes","category-recettes"],"_links":{"self":[{"href":"https:\/\/www.wallo.green\/blogshop\/wp-json\/wp\/v2\/posts\/1394","targetHints":{"allow":["GET"]}}],"collection":[{"href":"https:\/\/www.wallo.green\/blogshop\/wp-json\/wp\/v2\/posts"}],"about":[{"href":"https:\/\/www.wallo.green\/blogshop\/wp-json\/wp\/v2\/types\/post"}],"author":[{"embeddable":true,"href":"https:\/\/www.wallo.green\/blogshop\/wp-json\/wp\/v2\/users\/1"}],"replies":[{"embeddable":true,"href":"https:\/\/www.wallo.green\/blogshop\/wp-json\/wp\/v2\/comments?post=1394"}],"version-history":[{"count":18,"href":"https:\/\/www.wallo.green\/blogshop\/wp-json\/wp\/v2\/posts\/1394\/revisions"}],"predecessor-version":[{"id":2083,"href":"https:\/\/www.wallo.green\/blogshop\/wp-json\/wp\/v2\/posts\/1394\/revisions\/2083"}],"wp:attachment":[{"href":"https:\/\/www.wallo.green\/blogshop\/wp-json\/wp\/v2\/media?parent=1394"}],"wp:term":[{"taxonomy":"category","embeddable":true,"href":"https:\/\/www.wallo.green\/blogshop\/wp-json\/wp\/v2\/categories?post=1394"},{"taxonomy":"post_tag","embeddable":true,"href":"https:\/\/www.wallo.green\/blogshop\/wp-json\/wp\/v2\/tags?post=1394"}],"curies":[{"name":"wp","href":"https:\/\/api.w.org\/{rel}","templated":true}]}}